{"id":35664,"date":"2024-09-20T09:13:59","date_gmt":"2024-09-20T07:13:59","guid":{"rendered":"https:\/\/english.cpnn-world.org\/?p=35664"},"modified":"2026-01-26T21:02:59","modified_gmt":"2026-01-26T20:02:59","slug":"at-the-fete-de-lhuma-independent-media-in-full-swing","status":"publish","type":"post","link":"https:\/\/english.cpnn-world.org\/?p=35664","title":{"rendered":"At the F\u00eate de l\u2019Huma, independent media in full swing"},"content":{"rendered":"<div style=\"float: left; width: 46%;\">\n<p>FREE FLOW OF INFORMATION . . <\/p>\n<p>An article by Juliette Quef in <a href=\"https:\/\/vert.eco\/articles\/a-la-fete-de-lhuma-des-medias-independants-en-pleine-ebullition\">Vert.eco<\/a> (translation by CPNN)<\/p>\n<p>It\u2019s urgent: in the face of the extreme right and the \u201cbollorisation\u201d of information, the ecosystem of \u201cInd\u00e9s\u201d is joining forces by means of the Village of Independent Media at the F\u00eate de l\u2019Huma, the launch of a cooperative to finance them and a House of Free Media.<\/p>\n<p>&#8220;It&#8217;s great that you&#8217;re here&#8221;, &#8220;it&#8217;s nice to see the independent media gathered together&#8221;: this weekend, La d\u00e9ferlante, Basta, Blast, Politis, Streetpress, Fakir, Reporterre, l&#8217;Age de Faire, Au poste, Mediapart, Socialter, Le m\u00e9dia, Le chiffon, Reporters sans fronti\u00e8res, Acrimed, and of course Vert, were gathered under a huge 400 m\u00b2 marquee, in the heart of the F\u00eate de l&#8217;Huma, in Plessis-P\u00e2t\u00e9 (Essonne). The 89th edition of the F\u00eate attracted more than 450,000 participants in three days.<\/p>\n<p>In the Village, at the center of the twenty or so stands, the conference space was filled with people  and hosted rich discussions on sexist and sexual violence, freedom of the press and environmental mobilizations against the far right.<\/p>\n<p><center><a href=\"https:\/\/english.cpnn-world.org\/wp-content\/uploads\/2024\/09\/Verts.jpg\"><img loading=\"lazy\" decoding=\"async\" src=\"https:\/\/english.cpnn-world.org\/wp-content\/uploads\/2024\/09\/Verts.jpg\" alt=\"\" width=\"900\" height=\"614\" class=\"alignnone size-full wp-image-35665\" srcset=\"https:\/\/english.cpnn-world.org\/wp-content\/uploads\/2024\/09\/Verts.jpg 900w, https:\/\/english.cpnn-world.org\/wp-content\/uploads\/2024\/09\/Verts-300x205.jpg 300w, https:\/\/english.cpnn-world.org\/wp-content\/uploads\/2024\/09\/Verts-768x524.jpg 768w\" sizes=\"auto, (max-width: 900px) 100vw, 900px\" \/><\/a><br \/>\nFrom September 13 to 15 at the F\u00eate de l\u2019Huma, the Village of Independent Media brought together around twenty media outlets.  \u00a9 Margot Desmons \/ Vert<\/center><\/p>\n<p><strong>Fight against the far right and the \u201cbollorization\u201d of the world<\/strong><\/p>\n<p>This first edition of the Independent Media Village at the F\u00eate de l\u2019Huma has its roots in the rallies against the far right, which were held on June 27 and July 3, Place de la R\u00e9publique, in Paris. Organized in just a few days by the \u201cInd\u00e9s\u201d and civil society, each of them brought together some 30,000 participants (our report).<\/p>\n<p>\u201cAt that point, the priority was no longer our media but the event itself,\u201d says Mathieu Molard, editor-in-chief of Streetpress, one of the initiators of the rallies. The unity of the organizers was very strong and we had the impression of having contributed, through these rallies and our investigations, to preventing the far right from gaining power.\u201d With these links strengthened in the face of the emergency, the newspaper L\u2019Humanit\u00e9 then offered to host the \u201cInd\u00e9s\u201d at the F\u00eate de l\u2019Huma.<\/p>\n<p>\u201cThe Independent Media Village was a huge success, we were always full,\u201d rejoices Agn\u00e8s Rousseaux, director of Politis. For me, it is a sign of a strong demand from the public for places where the press converges and an awareness on the part of the media that there is a need to strengthen and support each other. The Village gave us visibility that we would never have had on our own. Uniting allows us to increase our impact and our audience tenfold.\u201d<\/p>\n<p>(continued on right column)<\/p>\n<p>(<a href=\"https:\/\/french.cpnn-world.org\/?p=10660\">Click here for the French original <\/a> of this article.)<\/p>\n<\/div>\n<div style=\"float: right; width: 46%;\">Questions related to this article:<\/div>\n<div style=\"float: right; width: 46%;\"><\/div>\n<div style=\"float: right; width: 46%;\">\n<p align=\"justify\">\n<p><em><strong><a href=\"https:\/\/english.cpnn-world.org\/?p=7571\">Free flow of information, How is it important for a culture of peace?<\/a><\/strong><\/em><\/p>\n<p>(continued from left column)<\/p>\n<p><strong>Coop-media: financing the \u201cInd\u00e9s\u201d, the nerve of the war<\/strong><\/p>\n<p>Faced with the rise of the extreme right, the actors of the social and solidarity economy (ESS) have also mobilized to accelerate their Coop-media project, a cooperative intended to finance independent media. Its launch is scheduled for October 9, at the Climate Academy, in Paris.<\/p>\n<p>\u201cBetween ESS and independent media, we have the same challenges,\u201d says Lucie Anizon, general secretary of Enercoop and one of the coordinators of Coop-media. We are facing behemoths and the alternatives are struggling.\u201d The idea is to raise funds to participate in the financing of committed media that carry \u201chumanist and progressive values \u200b\u200bfor a more ecological, united and democratic society.\u201d<\/p>\n<p>Starting October 9, citizens, media and businesses will be able to take shares in Coop-media and participate in the governance of the cooperative according to the principle of 1 person = 1 vote. The fundraising will then make it possible to open calls for projects from 2025.<\/p>\n<p>\u201cI discovered a very disunited ecosystem of independent media,\u201d confides Lucie Anizon. In the cooperative community, we know how to organize ourselves and we know that solidarity is the key to resilience.\u201d<\/p>\n<p>The initiative that has been rather well received by information professionals. \u201cWe lack structures that come to finance our media,\u201d notes Mathieu Molard. \u201cBanks do not understand our economic models. For example, they think that donations are not reliable. We have difficulty finding money, even public money, to develop ourselves, and this forces us to turn to private patrons.\u201d<\/p>\n<p><strong>A House of Free Media to Welcome Everyone<\/strong><\/p>\n<p>After ten years of effort and an aborted project, the Paris Council has now voted unanimously to sell a building located at 70 boulevard Barb\u00e8s, in the 18th arrondissement of Paris, to the left-wing millionaire Olivier Legrain, patron of the independent press and several refugee aid associations, and to the Bellevilles real estate company, to create a House of Free Media.<\/p>\n<p>With a surface area of \u200b\u200b4,000 m\u00b2, it should accommodate, from the end of 2026, the premises of dozens of independent media and their ecosystem, video studios, as well as a caf\u00e9-bookstore and coworking spaces. The goal: to contribute to the defense of freedom of the press and pluralism in the media. &#8220;We want to create an emblematic place for freedom of the press in Paris,&#8221; explains Agn\u00e8s Rousseaux. A space of excitement and abundance to wage the cultural battle and experiment with new ways of producing and disseminating information.\u201d<\/p>\n<p>\u2013 \u2013 \u2013<\/p>\n<p>If you wish to make a comment on this article, you may write to coordinator@cpnn-world.org with the title \u201cComment on (name of article)\u201d and we will put your comment on line. Because of the flood of spam, we have discontinued the direct application of comments.<\/p>\n<\/div>\n","protected":false},"excerpt":{"rendered":"<p>FREE FLOW OF INFORMATION . . An article by Juliette Quef in Vert.eco (translation by CPNN) It\u2019s urgent: in the face of the extreme right and the \u201cbollorisation\u201d of information, the ecosystem of \u201cInd\u00e9s\u201d is joining forces by means of the Village of Independent Media at the F\u00eate de l\u2019Huma, the launch of a cooperative &hellip; <a href=\"https:\/\/english.cpnn-world.org\/?p=35664\" class=\"more-link\">Continue reading <span class=\"screen-reader-text\">At the F\u00eate de l\u2019Huma, independent media in full swing<\/span> <span class=\"meta-nav\">&rarr;<\/span><\/a><\/p>\n","protected":false},"author":1,"featured_media":0,"comment_status":"closed","ping_status":"closed","sticky":false,"template":"","format":"standard","meta":{"footnotes":""},"categories":[75,15],"tags":[33],"class_list":["post-35664","post","type-post","status-publish","format-standard","hentry","category-europe","category-information","tag-europe"],"_links":{"self":[{"href":"https:\/\/english.cpnn-world.org\/index.php?rest_route=\/wp\/v2\/posts\/35664","targetHints":{"allow":["GET"]}}],"collection":[{"href":"https:\/\/english.cpnn-world.org\/index.php?rest_route=\/wp\/v2\/posts"}],"about":[{"href":"https:\/\/english.cpnn-world.org\/index.php?rest_route=\/wp\/v2\/types\/post"}],"author":[{"embeddable":true,"href":"https:\/\/english.cpnn-world.org\/index.php?rest_route=\/wp\/v2\/users\/1"}],"replies":[{"embeddable":true,"href":"https:\/\/english.cpnn-world.org\/index.php?rest_route=%2Fwp%2Fv2%2Fcomments&post=35664"}],"version-history":[{"count":4,"href":"https:\/\/english.cpnn-world.org\/index.php?rest_route=\/wp\/v2\/posts\/35664\/revisions"}],"predecessor-version":[{"id":37773,"href":"https:\/\/english.cpnn-world.org\/index.php?rest_route=\/wp\/v2\/posts\/35664\/revisions\/37773"}],"wp:attachment":[{"href":"https:\/\/english.cpnn-world.org\/index.php?rest_route=%2Fwp%2Fv2%2Fmedia&parent=35664"}],"wp:term":[{"taxonomy":"category","embeddable":true,"href":"https:\/\/english.cpnn-world.org\/index.php?rest_route=%2Fwp%2Fv2%2Fcategories&post=35664"},{"taxonomy":"post_tag","embeddable":true,"href":"https:\/\/english.cpnn-world.org\/index.php?rest_route=%2Fwp%2Fv2%2Ftags&post=35664"}],"curies":[{"name":"wp","href":"https:\/\/api.w.org\/{rel}","templated":true}]}}